{"id":3615,"date":"2025-10-22T08:14:24","date_gmt":"2025-10-22T06:14:24","guid":{"rendered":"https:\/\/escorxadorsabadell.com\/el-matadero-de-sabadell-renueva-su-colaboracion-con-el-ce-sabadell\/"},"modified":"2025-10-22T08:18:02","modified_gmt":"2025-10-22T06:18:02","slug":"el-matadero-de-sabadell-renueva-su-colaboracion-con-el-ce-sabadell","status":"publish","type":"post","link":"https:\/\/escorxadorsabadell.com\/es\/el-matadero-de-sabadell-renueva-su-colaboracion-con-el-ce-sabadell\/","title":{"rendered":"El Matadero de Sabadell renueva su colaboraci\u00f3n con el CE Sabadell"},"content":{"rendered":"<p><div class=\"fusion-fullwidth fullwidth-box fusion-builder-row-1 fusion-flex-container has-pattern-background has-mask-background nonhundred-percent-fullwidth non-hundred-percent-height-scrolling\" style=\"--awb-border-radius-top-left:0px;--awb-border-radius-top-right:0px;--awb-border-radius-bottom-right:0px;--awb-border-radius-bottom-left:0px;--awb-flex-wrap:wrap;\" ><div class=\"fusion-builder-row fusion-row fusion-flex-align-items-flex-start fusion-flex-content-wrap\" style=\"max-width:1248px;margin-left: calc(-4% \/ 2 );margin-right: calc(-4% \/ 2 );\"><div class=\"fusion-layout-column fusion_builder_column fusion-builder-column-0 fusion_builder_column_1_1 1_1 fusion-flex-column\" style=\"--awb-bg-size:cover;--awb-width-large:100%;--awb-margin-top-large:0px;--awb-spacing-right-large:1.92%;--awb-margin-bottom-large:20px;--awb-spacing-left-large:1.92%;--awb-width-medium:100%;--awb-order-medium:0;--awb-spacing-right-medium:1.92%;--awb-spacing-left-medium:1.92%;--awb-width-small:100%;--awb-order-small:0;--awb-spacing-right-small:1.92%;--awb-spacing-left-small:1.92%;\"><div class=\"fusion-column-wrapper fusion-column-has-shadow fusion-flex-justify-content-flex-start fusion-content-layout-column\"><div class=\"fusion-title title fusion-title-1 fusion-sep-none fusion-title-text fusion-title-size-one\"><h1 class=\"fusion-title-heading title-heading-left\" style=\"margin:0;text-transform:capitalize;\">El Matadero de Sabadell renueva su colaboraci\u00f3n con el CE Sabadell<\/h1><\/div><\/div><\/div><\/div><\/div><div class=\"fusion-fullwidth fullwidth-box fusion-builder-row-2 fusion-flex-container has-pattern-background has-mask-background nonhundred-percent-fullwidth non-hundred-percent-height-scrolling\" style=\"--awb-border-radius-top-left:0px;--awb-border-radius-top-right:0px;--awb-border-radius-bottom-right:0px;--awb-border-radius-bottom-left:0px;--awb-flex-wrap:wrap;\" ><div class=\"fusion-builder-row fusion-row fusion-flex-align-items-flex-start fusion-flex-content-wrap\" style=\"max-width:1248px;margin-left: calc(-4% \/ 2 );margin-right: calc(-4% \/ 2 );\"><div class=\"fusion-layout-column fusion_builder_column fusion-builder-column-1 fusion_builder_column_1_2 1_2 fusion-flex-column\" style=\"--awb-bg-size:cover;--awb-width-large:50%;--awb-margin-top-large:0px;--awb-spacing-right-large:3.84%;--awb-margin-bottom-large:20px;--awb-spacing-left-large:3.84%;--awb-width-medium:50%;--awb-order-medium:0;--awb-spacing-right-medium:3.84%;--awb-spacing-left-medium:3.84%;--awb-width-small:100%;--awb-order-small:0;--awb-spacing-right-small:1.92%;--awb-spacing-left-small:1.92%;\"><div class=\"fusion-column-wrapper fusion-column-has-shadow fusion-flex-justify-content-flex-start fusion-content-layout-column\"><div class=\"fusion-image-element \" style=\"--awb-aspect-ratio:3 \/ 2;--awb-caption-title-font-family:var(--h2_typography-font-family);--awb-caption-title-font-weight:var(--h2_typography-font-weight);--awb-caption-title-font-style:var(--h2_typography-font-style);--awb-caption-title-size:var(--h2_typography-font-size);--awb-caption-title-transform:var(--h2_typography-text-transform);--awb-caption-title-line-height:var(--h2_typography-line-height);--awb-caption-title-letter-spacing:var(--h2_typography-letter-spacing);\"><span class=\" fusion-imageframe imageframe-none imageframe-1 hover-type-none has-aspect-ratio\"><img decoding=\"async\" width=\"300\" height=\"212\" title=\"CE Sabadell\" src=\"https:\/\/escorxadorsabadell.com\/wp-content\/uploads\/2025\/10\/CE-Sabadell.png\" data-orig-src=\"https:\/\/escorxadorsabadell.com\/wp-content\/uploads\/2025\/10\/CE-Sabadell-300x212.png\" class=\"lazyload img-responsive wp-image-3596 img-with-aspect-ratio\" data-parent-fit=\"cover\" data-parent-container=\".fusion-image-element\" alt srcset=\"data:image\/svg+xml,%3Csvg%20xmlns%3D%27http%3A%2F%2Fwww.w3.org%2F2000%2Fsvg%27%20width%3D%272245%27%20height%3D%271587%27%20viewBox%3D%270%200%202245%201587%27%3E%3Crect%20width%3D%272245%27%20height%3D%271587%27%20fill-opacity%3D%220%22%2F%3E%3C%2Fsvg%3E\" data-srcset=\"https:\/\/escorxadorsabadell.com\/wp-content\/uploads\/2025\/10\/CE-Sabadell-200x141.png 200w, https:\/\/escorxadorsabadell.com\/wp-content\/uploads\/2025\/10\/CE-Sabadell-400x283.png 400w, https:\/\/escorxadorsabadell.com\/wp-content\/uploads\/2025\/10\/CE-Sabadell-600x424.png 600w, https:\/\/escorxadorsabadell.com\/wp-content\/uploads\/2025\/10\/CE-Sabadell-800x566.png 800w, https:\/\/escorxadorsabadell.com\/wp-content\/uploads\/2025\/10\/CE-Sabadell-1200x848.png 1200w\" data-sizes=\"auto\" data-orig-sizes=\"(max-width: 640px) 100vw, 600px\" \/><\/span><\/div><\/div><\/div><div class=\"fusion-layout-column fusion_builder_column fusion-builder-column-2 fusion_builder_column_1_2 1_2 fusion-flex-column\" style=\"--awb-bg-size:cover;--awb-width-large:50%;--awb-margin-top-large:0px;--awb-spacing-right-large:3.84%;--awb-margin-bottom-large:20px;--awb-spacing-left-large:3.84%;--awb-width-medium:50%;--awb-order-medium:0;--awb-spacing-right-medium:3.84%;--awb-spacing-left-medium:3.84%;--awb-width-small:100%;--awb-order-small:0;--awb-spacing-right-small:1.92%;--awb-spacing-left-small:1.92%;\"><div class=\"fusion-column-wrapper fusion-column-has-shadow fusion-flex-justify-content-flex-start fusion-content-layout-column\"><div class=\"fusion-text fusion-text-1\" style=\"--awb-content-alignment:left;\"><p style=\"text-align: left;\">Un a\u00f1o m\u00e1s, el Matadero de Sabadell reafirma su compromiso con el deporte local manteniendo su colaboraci\u00f3n con el Centro de Deportes Sabadell.<\/p>\n<p>Esta relaci\u00f3n, consolidada con los a\u00f1os, refleja la voluntad de nuestra empresa de apoyar iniciativas que promueven valores como el esfuerzo, el trabajo en equipo y el arraigo en la ciudad.<\/p>\n<p>Desde el Matadero de Sabadell queremos expresar nuestra satisfacci\u00f3n por continuar junto al club arlequinado y su afici\u00f3n, compartiendo la ilusi\u00f3n y el compromiso con Sabadell y su tejido deportivo. Confiamos en que esta nueva temporada est\u00e9 llena de \u00e9xitos y grandes momentos para todos y todas.<\/p>\n<\/div><\/div><\/div><\/div><\/div><\/p>\n","protected":false},"excerpt":{"rendered":"","protected":false},"author":5,"featured_media":3596,"comment_status":"closed","ping_status":"closed","sticky":false,"template":"","format":"standard","meta":{"_jetpack_memberships_contains_paid_content":false,"footnotes":""},"categories":[75],"tags":[],"class_list":["post-3615","post","type-post","status-publish","format-standard","has-post-thumbnail","hentry","category-actualidad"],"jetpack_featured_media_url":"https:\/\/escorxadorsabadell.com\/wp-content\/uploads\/2025\/10\/CE-Sabadell.png","jetpack_sharing_enabled":true,"_links":{"self":[{"href":"https:\/\/escorxadorsabadell.com\/es\/wp-json\/wp\/v2\/posts\/3615","targetHints":{"allow":["GET"]}}],"collection":[{"href":"https:\/\/escorxadorsabadell.com\/es\/wp-json\/wp\/v2\/posts"}],"about":[{"href":"https:\/\/escorxadorsabadell.com\/es\/wp-json\/wp\/v2\/types\/post"}],"author":[{"embeddable":true,"href":"https:\/\/escorxadorsabadell.com\/es\/wp-json\/wp\/v2\/users\/5"}],"replies":[{"embeddable":true,"href":"https:\/\/escorxadorsabadell.com\/es\/wp-json\/wp\/v2\/comments?post=3615"}],"version-history":[{"count":3,"href":"https:\/\/escorxadorsabadell.com\/es\/wp-json\/wp\/v2\/posts\/3615\/revisions"}],"predecessor-version":[{"id":3618,"href":"https:\/\/escorxadorsabadell.com\/es\/wp-json\/wp\/v2\/posts\/3615\/revisions\/3618"}],"wp:featuredmedia":[{"embeddable":true,"href":"https:\/\/escorxadorsabadell.com\/es\/wp-json\/wp\/v2\/media\/3596"}],"wp:attachment":[{"href":"https:\/\/escorxadorsabadell.com\/es\/wp-json\/wp\/v2\/media?parent=3615"}],"wp:term":[{"taxonomy":"category","embeddable":true,"href":"https:\/\/escorxadorsabadell.com\/es\/wp-json\/wp\/v2\/categories?post=3615"},{"taxonomy":"post_tag","embeddable":true,"href":"https:\/\/escorxadorsabadell.com\/es\/wp-json\/wp\/v2\/tags?post=3615"}],"curies":[{"name":"wp","href":"https:\/\/api.w.org\/{rel}","templated":true}]}}